{"id":2492,"date":"2025-12-25T21:23:17","date_gmt":"2025-12-25T21:23:17","guid":{"rendered":"https:\/\/avocatfisc.com\/blog\/?p=2492"},"modified":"2026-02-15T16:31:24","modified_gmt":"2026-02-15T16:31:24","slug":"package-de-depart-et-fiscalite-ce-que-les-cadres-doivent-comprendre-avant-de-signer","status":"publish","type":"post","link":"https:\/\/avocatfisc.com\/blog\/package-de-depart-et-fiscalite-ce-que-les-cadres-doivent-comprendre-avant-de-signer\/","title":{"rendered":"Package de d\u00e9part et fiscalit\u00e9 : ce que les cadres doivent comprendre avant de signer"},"content":{"rendered":"<style>\n  \/* Styles l\u00e9gers (optionnels). Si votre th\u00e8me bloque <\/p>\n<style>, copiez ce CSS dans \"Apparence > Personnaliser > CSS additionnel\". *\/<br \/>  .af-article{max-width:980px;margin:0 auto;padding:24px;line-height:1.65}<br \/>  .af-hero{border:1px solid rgba(0,0,0,.12);border-radius:14px;padding:22px}<br \/>  .af-kicker{font-size:.95rem;opacity:.8;margin:0 0 8px}<br \/>  .af-hero h1{margin:6px 0 10px;line-height:1.18}<br \/>  .af-lead{font-size:1.08rem;margin:10px 0 0}<br \/>  .af-anchors{display:flex;flex-wrap:wrap;gap:10px;margin:14px 0 0;padding:0;list-style:none}<br \/>  .af-anchors a{font-size:.95rem;text-decoration:none;border:1px solid rgba(0,0,0,.18);padding:6px 10px;border-radius:999px}<br \/>  .af-anchors a:hover{border-color:rgba(0,0,0,.45)}<br \/>  .af-summary{background:rgba(0,0,0,.04);border-left:4px solid #111;border-radius:12px;padding:14px 16px;margin:20px 0}<br \/>  .af-summary p{margin:8px 0 0}<br \/>  .af-section{margin:26px 0}<br \/>  .af-section h2{margin:0 0 10px;line-height:1.25}<br \/>  .af-list{margin:0;padding-left:18px}<br \/>  .af-list li{margin:7px 0}<br \/>  .af-callout{border:1px solid rgba(0,0,0,.12);border-radius:12px;padding:14px 16px;margin:18px 0}<br \/>  .af-cta{display:flex;gap:12px;flex-wrap:wrap;margin-top:14px}<br \/>  .af-btn{display:inline-block;padding:10px 14px;border-radius:10px;border:1px solid rgba(0,0,0,.65);text-decoration:none}<br \/>  .af-btn.primary{background:#111;color:#fff;border-color:#111}<br \/>  .af-btn.secondary{background:transparent;color:inherit}<br \/>  .af-btn:hover{opacity:.92}<br \/>  .af-faq details{border:1px solid rgba(0,0,0,.12);border-radius:12px;padding:12px 14px;margin:10px 0}<br \/>  .af-faq summary{cursor:pointer;font-weight:600}<br \/>  .af-disclaimer{font-size:.92rem;opacity:.82;border-top:1px solid rgba(0,0,0,.12);padding-top:14px;margin-top:26px}<br \/><\/style>\n<article class=\"af-article\">\n<header class=\"af-hero\">\n<p class=\"af-kicker\">Fin d\u2019emploi \u2022 Cadres \u2022 Indemnit\u00e9 \u2022 Fiscalit\u00e9<\/p>\n<h4>Package de d\u00e9part et fiscalit\u00e9 : ce que les cadres doivent comprendre avant de signer<\/h4>\n<p class=\"af-lead\">Lorsqu\u2019un employ\u00e9 cadre ou de haut niveau re\u00e7oit une <strong>offre de d\u00e9part<\/strong>, la discussion se concentre souvent sur le montant brut.<br \/>\nPourtant, la vraie question n\u2019est pas <em>\u00ab combien m\u2019offre-t-on ? \u00bb<\/em>, mais bien :<br \/>\n<strong>combien me restera-t-il r\u00e9ellement apr\u00e8s imp\u00f4t \u2014 et \u00e0 quelles conditions ?<\/strong><\/p>\n<p><!--more--><\/p>\n<ul class=\"af-anchors\" aria-label=\"Navigation rapide\">\n<li><a href=\"#enjeu1\">Qualification des montants<\/a><\/li>\n<li><a href=\"#enjeu2\">Moment du paiement<\/a><\/li>\n<li><a href=\"#enjeu3\">Retenues \u00e0 la source<\/a><\/li>\n<li><a href=\"#enjeu4\">Quittance<\/a><\/li>\n<li><a href=\"#enjeu5\">Lien droit &amp; fiscalit\u00e9<\/a><\/li>\n<li><a href=\"#faq\">FAQ<\/a><\/li>\n<\/ul>\n<\/header>\n<p><!-- Encadr\u00e9 r\u00e9sum\u00e9 (utile pour lecteurs + IA\/SGE) --><\/p>\n<section class=\"af-summary\" aria-label=\"Encart r\u00e9sum\u00e9\"><strong>Encart r\u00e9sum\u00e9<\/strong>Un package de d\u00e9part se juge sur son <strong>impact fiscal r\u00e9el<\/strong>, pas sur son apparence. Les enjeux cl\u00e9s : la<br \/>\n<strong>qualification des montants<\/strong>, le <strong>moment du paiement<\/strong>, les <strong>retenues \u00e0 la source<\/strong> et la port\u00e9e de la<br \/>\n<strong>quittance<\/strong>. Une analyse avant signature peut \u00e9viter des erreurs co\u00fbteuses et des surprises apr\u00e8s imp\u00f4t.<\/section>\n<section class=\"af-section\">La fiscalit\u00e9 d\u2019un package de d\u00e9part est fr\u00e9quemment mal comprise, parfois mal expliqu\u00e9e, et trop souvent d\u00e9couverte<br \/>\n<strong>apr\u00e8s la signature<\/strong>. Voici les principaux enjeux fiscaux que tout cadre devrait analyser avant d\u2019accepter une offre de fin d\u2019emploi.<\/section>\n<section id=\"enjeu1\" class=\"af-section\">\n<h5>1) Toutes les sommes d\u2019un package ne sont pas impos\u00e9es de la m\u00eame fa\u00e7on<\/h5>\n<p>Un package de d\u00e9part est rarement compos\u00e9 d\u2019un seul montant. Il peut inclure notamment :<\/p>\n<ul class=\"af-list\">\n<li>indemnit\u00e9 compensatrice de pr\u00e9avis ;<\/li>\n<li>indemnit\u00e9 de d\u00e9part ;<\/li>\n<li>vacances accumul\u00e9es ;<\/li>\n<li>bonus ou r\u00e9mun\u00e9ration incitative ;<\/li>\n<li>commissions ;<\/li>\n<li>maintien d\u2019avantages (ou paiement \u00e9quivalent) ;<\/li>\n<li>montants conditionnels \u00e0 la signature d\u2019une quittance.<\/li>\n<\/ul>\n<p>Sur le plan fiscal, ces \u00e9l\u00e9ments ne re\u00e7oivent pas tous le m\u00eame traitement. Leur nature, leur libell\u00e9 et les modalit\u00e9s de versement<br \/>\npeuvent modifier l\u2019impact apr\u00e8s imp\u00f4t.<\/p>\n<div class=\"af-callout\" role=\"note\">\n<p style=\"margin: 0;\"><strong>\u00c0 retenir :<\/strong> une mauvaise qualification ou une r\u00e9daction impr\u00e9cise peut entra\u00eener des retenues inadapt\u00e9es,<br \/>\nune facture fiscale plus lourde que pr\u00e9vu ou la perte d\u2019occasions de planification.<\/p>\n<\/div>\n<\/section>\n<section id=\"enjeu2\" class=\"af-section\">\n<h5>2) Le moment du paiement peut avoir un impact fiscal majeur<\/h5>\n<p>Deux offres identiques sur papier peuvent produire des r\u00e9sultats fiscaux tr\u00e8s diff\u00e9rents selon <strong>l\u2019ann\u00e9e d\u2019imposition<\/strong><br \/>\no\u00f9 les montants sont vers\u00e9s.<\/p>\n<p>Pour un cadre, l\u2019ann\u00e9e de fin d\u2019emploi est souvent d\u00e9j\u00e0 marqu\u00e9e par un salaire \u00e9lev\u00e9 (m\u00eame partiel), parfois un bonus ou d\u2019autres<br \/>\nrevenus exceptionnels. Ajouter une indemnit\u00e9 importante dans la m\u00eame ann\u00e9e peut augmenter significativement l\u2019imp\u00f4t payable.<\/p>\n<p><strong>Le calendrier de paiement<\/strong> devient donc un \u00e9l\u00e9ment cl\u00e9 \u00e0 analyser, m\u00eame lorsqu\u2019il semble \u201cadministratif\u201d.<\/p>\n<\/section>\n<section id=\"enjeu3\" class=\"af-section\">\n<h5>3) Les retenues \u00e0 la source ne racontent pas toute l\u2019histoire<\/h5>\n<p>Un pi\u00e8ge fr\u00e9quent consiste \u00e0 croire que les <strong>retenues effectu\u00e9es par l\u2019employeur<\/strong> repr\u00e9sentent l\u2019imp\u00f4t final.<br \/>\nEn r\u00e9alit\u00e9, certaines retenues sont forfaitaires, d\u2019autres insuffisantes selon votre situation globale, et le solde r\u00e9el<br \/>\nse mesure au moment de la d\u00e9claration annuelle.<\/p>\n<div class=\"af-callout\" role=\"note\">\n<p style=\"margin: 0;\"><strong>Ce qui arrive souvent :<\/strong> des cadres d\u00e9couvrent, plusieurs mois plus tard, que le package a g\u00e9n\u00e9r\u00e9 une<br \/>\n<strong>dette fiscale inattendue<\/strong> \u2014 parce que l\u2019ensemble de leurs revenus de l\u2019ann\u00e9e n\u2019avait pas \u00e9t\u00e9 anticip\u00e9.<\/p>\n<\/div>\n<\/section>\n<section id=\"enjeu4\" class=\"af-section\">\n<h5>4) La quittance a aussi un impact fiscal indirect<\/h5>\n<p>La plupart des packages sont conditionnels \u00e0 la signature d\u2019une <strong>quittance compl\u00e8te et finale<\/strong>.<br \/>\nUne fois sign\u00e9e, elle peut r\u00e9duire fortement la marge de man\u0153uvre pour corriger une structure d\u00e9favorable, clarifier une qualification,<br \/>\nou rouvrir une discussion.<\/p>\n<p>Autrement dit : m\u00eame lorsque le probl\u00e8me est \u201cfiscal\u201d, la quittance peut emp\u00eacher de revenir en arri\u00e8re sur le plan pratique.<\/p>\n<\/section>\n<section id=\"enjeu5\" class=\"af-section\">\n<h5>5) La fiscalit\u00e9 ne se pense pas isol\u00e9ment du droit du travail<\/h5>\n<p>Une erreur fr\u00e9quente consiste \u00e0 analyser la fiscalit\u00e9 <strong>sans tenir compte du contexte juridique<\/strong> de la fin d\u2019emploi.<br \/>\nOr, la nature de la rupture, la raisonnabilit\u00e9 de l\u2019offre, la structure contractuelle du package et les clauses restrictives<br \/>\ninfluencent directement les options possibles.<\/p>\n<p>La fiscalit\u00e9 d\u2019un package ne se corrige pas apr\u00e8s coup : elle se <strong>pense au moment de la n\u00e9gociation<\/strong>.<\/p>\n<\/section>\n<section class=\"af-section\">\n<h4>Conclusion : un package se juge sur son impact r\u00e9el, pas sur son apparence<\/h4>\n<p>Pour un employ\u00e9 cadre, une offre de d\u00e9part est une <strong>d\u00e9cision financi\u00e8re majeure<\/strong>, souvent prise dans un moment de transition.<br \/>\nLa fiscalit\u00e9 n\u2019est pas un d\u00e9tail technique \u00e0 repousser : elle fait partie int\u00e9grante de la d\u00e9cision.<\/p>\n<p>Avant de signer, il est essentiel de comprendre : <strong>ce que vous recevez r\u00e9ellement<\/strong>, <strong>ce que vous abandonnez<\/strong>,<br \/>\net les cons\u00e9quences fiscales \u00e0 court et \u00e0 long terme.<\/p>\n<div class=\"af-cta\" aria-label=\"Appel \u00e0 l\u2019action\"><a class=\"af-btn primary\" href=\"https:\/\/avocatfisc.com\/blog\/nous-joindre\/\">Demander une consultation<\/a><br \/>\n<a class=\"af-btn secondary\" href=\"\/blog\/\">Voir d\u2019autres articles<\/a><\/div>\n<p class=\"af-disclaimer\"><strong>Avis :<\/strong> cet article fournit de l\u2019information g\u00e9n\u00e9rale et ne constitue pas un avis juridique ou fiscal adapt\u00e9 \u00e0 votre situation.<\/p>\n<\/section>\n<section id=\"faq\" class=\"af-section af-faq\">\n<h5>FAQ \u2014 Fiscalit\u00e9 d\u2019un package de d\u00e9part<\/h5>\n<details>\n<summary>Pourquoi le montant brut n\u2019est-il pas un bon indicateur ?<\/summary>\n<p>Parce que l\u2019imp\u00f4t d\u00e9pend de la nature des montants, du calendrier de paiement et de votre situation globale de l\u2019ann\u00e9e.<br \/>\nLe r\u00e9sultat important est le <strong>net apr\u00e8s imp\u00f4t<\/strong>.<\/p>\n<\/details>\n<details>\n<summary>Est-ce que les retenues \u00e0 la source \u00e9quivalent \u00e0 l\u2019imp\u00f4t final ?<\/summary>\n<p>Pas n\u00e9cessairement. Les retenues peuvent \u00eatre forfaitaires ou inadapt\u00e9es selon vos autres revenus. Le solde r\u00e9el se confirme<br \/>\nlors de la d\u00e9claration annuelle.<\/p>\n<\/details>\n<details>\n<summary>Pourquoi la quittance est-elle importante pour la fiscalit\u00e9 ?<\/summary>\n<p>Parce qu\u2019une fois sign\u00e9e, elle peut limiter la possibilit\u00e9 de revenir sur une structure d\u00e9favorable ou de corriger certains points<br \/>\nen pratique, m\u00eame si l\u2019enjeu est fiscal.<\/p>\n<\/details>\n<\/section>\n<\/article>\n<p><!-- ========================================== Donn\u00e9es structur\u00e9es (Schema.org) \u2014 JSON-LD \u00c0 AJUSTER : - URL finale de l'article (slug) - datePublished\/dateModified (mettez la date r\u00e9elle de publication) - nom\/URL de l'auteur si diff\u00e9rent ========================================== --><br \/>\n<script type=\"application\/ld+json\">\n{\n  \"@context\": \"https:\/\/schema.org\",\n  \"@graph\": [\n    {\n      \"@type\": \"WebSite\",\n      \"@id\": \"https:\/\/avocatfisc.com\/#website\",\n      \"url\": \"https:\/\/avocatfisc.com\/\",\n      \"name\": \"AvocatFisc\",\n      \"inLanguage\": \"fr\"\n    },\n    {\n      \"@type\": \"Person\",\n      \"@id\": \"https:\/\/avocatfisc.com\/#person\",\n      \"name\": \"Me Louis Sirois\",\n      \"jobTitle\": \"Avocat\",\n      \"url\": \"https:\/\/avocatfisc.com\/\"\n    },\n    {\n      \"@type\": \"LegalService\",\n      \"@id\": \"https:\/\/avocatfisc.com\/#legalservice\",\n      \"name\": \"Me Louis Sirois, avocat\",\n      \"url\": \"https:\/\/avocatfisc.com\/\",\n      \"provider\": { \"@id\": \"https:\/\/avocatfisc.com\/#person\" },\n      \"areaServed\": [\"Qu\u00e9bec\", \"Montr\u00e9al\", \"Laval\"],\n      \"knowsLanguage\": [\"fr\", \"en\"],\n      \"serviceType\": [\n        \"Analyse d\u2019offres de d\u00e9part (cadres)\",\n        \"Fiscalit\u00e9 appliqu\u00e9e aux indemnit\u00e9s de fin d\u2019emploi\",\n        \"N\u00e9gociation et structuration d\u2019ententes\"\n      ]\n    },\n    {\n      \"@type\": \"BlogPosting\",\n      \"@id\": \"https:\/\/avocatfisc.com\/blog\/package-de-depart-fiscalite-cadres\/#blogposting\",\n      \"mainEntityOfPage\": {\n        \"@type\": \"WebPage\",\n        \"@id\": \"https:\/\/avocatfisc.com\/blog\/package-de-depart-fiscalite-cadres\/\"\n      },\n      \"headline\": \"Package de d\u00e9part et fiscalit\u00e9 : ce que les cadres doivent comprendre avant de signer\",\n      \"description\": \"Article expliquant les enjeux fiscaux d\u2019un package de d\u00e9part pour cadres : qualification des montants, timing des paiements, retenues \u00e0 la source et impact de la quittance.\",\n      \"inLanguage\": \"fr\",\n      \"author\": { \"@id\": \"https:\/\/avocatfisc.com\/#person\" },\n      \"publisher\": {\n        \"@type\": \"Organization\",\n        \"name\": \"AvocatFisc\",\n        \"url\": \"https:\/\/avocatfisc.com\/\"\n      },\n      \"datePublished\": \"2025-12-25\",\n      \"dateModified\": \"2025-12-25\",\n      \"about\": [\n        \"Package de d\u00e9part\",\n        \"Indemnit\u00e9 de d\u00e9part\",\n        \"Fiscalit\u00e9\",\n        \"Fin d\u2019emploi\",\n        \"Cadres\"\n      ],\n      \"keywords\": [\n        \"package de d\u00e9part fiscalit\u00e9\",\n        \"imposition indemnit\u00e9 de d\u00e9part\",\n        \"imp\u00f4t sur indemnit\u00e9 de d\u00e9part\",\n        \"analyse fiscale package de d\u00e9part\",\n        \"cadre cong\u00e9di\u00e9\"\n      ]\n    },\n    {\n      \"@type\": \"FAQPage\",\n      \"@id\": \"https:\/\/avocatfisc.com\/blog\/package-de-depart-fiscalite-cadres\/#faqpage\",\n      \"mainEntity\": [\n        {\n          \"@type\": \"Question\",\n          \"name\": \"Pourquoi le montant brut n\u2019est-il pas un bon indicateur ?\",\n          \"acceptedAnswer\": {\n            \"@type\": \"Answer\",\n            \"text\": \"Parce que l\u2019imp\u00f4t d\u00e9pend de la nature des montants, du calendrier de paiement et de la situation globale. Le r\u00e9sultat important est le net apr\u00e8s imp\u00f4t.\"\n          }\n        },\n        {\n          \"@type\": \"Question\",\n          \"name\": \"Est-ce que les retenues \u00e0 la source \u00e9quivalent \u00e0 l\u2019imp\u00f4t final ?\",\n          \"acceptedAnswer\": {\n            \"@type\": \"Answer\",\n            \"text\": \"Pas n\u00e9cessairement. Les retenues peuvent \u00eatre forfaitaires ou inadapt\u00e9es selon les autres revenus. Le solde r\u00e9el se confirme lors de la d\u00e9claration annuelle.\"\n          }\n        },\n        {\n          \"@type\": \"Question\",\n          \"name\": \"Pourquoi la quittance est-elle importante pour la fiscalit\u00e9 ?\",\n          \"acceptedAnswer\": {\n            \"@type\": \"Answer\",\n            \"text\": \"Une fois sign\u00e9e, la quittance peut limiter la possibilit\u00e9 de revenir sur une structure d\u00e9favorable ou de corriger certains points en pratique, m\u00eame si l\u2019enjeu est fiscal.\"\n          }\n        }\n      ]\n    }\n  ]\n}\n<\/script><\/p>\n<p><!-- ========================================== Optionnel : Encadr\u00e9 \"r\u00e9ponse directe\" (IA\/SGE) Garde-le si tu veux maximiser les extraits IA. Sinon, supprime. ========================================== --><\/p>\n<section class=\"af-article\" style=\"padding-top: 0;\" aria-label=\"Encart IA\">\n<div class=\"af-summary\"><strong>R\u00e9ponse directe<\/strong>Avant de signer un package de d\u00e9part, un cadre devrait v\u00e9rifier : (1) la nature et la qualification des montants,<br \/>\n(2) le moment de paiement et l\u2019ann\u00e9e fiscale, (3) l\u2019ad\u00e9quation des retenues \u00e0 la source, et (4) la port\u00e9e de la quittance,<br \/>\ncar ces facteurs d\u00e9terminent le net apr\u00e8s imp\u00f4t et la marge de man\u0153uvre apr\u00e8s signature.<\/div>\n<\/section>\n","protected":false},"excerpt":{"rendered":"<p>Fin d\u2019emploi \u2022 Cadres \u2022 Indemnit\u00e9 \u2022 Fiscalit\u00e9 Package de d\u00e9part et fiscalit\u00e9 : ce que les cadres doivent comprendre avant de signer Lorsqu\u2019un employ\u00e9 cadre ou de haut niveau re\u00e7oit une offre de d\u00e9part, la discussion se concentre souvent sur le montant brut. Pourtant, la vraie question n\u2019est pas \u00ab combien m\u2019offre-t-on ? \u00bb, [&hellip;]<\/p>\n","protected":false},"author":1,"featured_media":0,"comment_status":"closed","ping_status":"closed","sticky":false,"template":"","format":"standard","meta":{"jetpack_post_was_ever_published":false,"_jetpack_newsletter_access":"","_jetpack_dont_email_post_to_subs":false,"_jetpack_newsletter_tier_id":0,"_jetpack_memberships_contains_paywalled_content":false,"_jetpack_memberships_contains_paid_content":false,"footnotes":"","jetpack_publicize_message":"","jetpack_publicize_feature_enabled":true,"jetpack_social_post_already_shared":true,"jetpack_social_options":{"image_generator_settings":{"template":"highway","default_image_id":0,"font":"","enabled":false},"version":2}},"categories":[1],"tags":[1859,1858,1848,1850,1860,1857,1856],"class_list":["post-2492","post","type-post","status-publish","format-standard","hentry","category-informations","tag-analyse-fiscale-package-de-depart","tag-fiscalite-indemnite-de-depart","tag-fiscalite-package-de-depart","tag-impot-sur-indemnite-de-depart","tag-offre-de-depart-cadre-fiscalite","tag-package-de-depart-cadre","tag-package-de-depart-fiscalite"],"aioseo_notices":[],"jetpack_publicize_connections":[],"jetpack_featured_media_url":"","jetpack_sharing_enabled":true,"jetpack_shortlink":"https:\/\/wp.me\/p9fCKt-Ec","jetpack_likes_enabled":true,"jetpack-related-posts":[],"_links":{"self":[{"href":"https:\/\/avocatfisc.com\/blog\/wp-json\/wp\/v2\/posts\/2492","targetHints":{"allow":["GET"]}}],"collection":[{"href":"https:\/\/avocatfisc.com\/blog\/wp-json\/wp\/v2\/posts"}],"about":[{"href":"https:\/\/avocatfisc.com\/blog\/wp-json\/wp\/v2\/types\/post"}],"author":[{"embeddable":true,"href":"https:\/\/avocatfisc.com\/blog\/wp-json\/wp\/v2\/users\/1"}],"replies":[{"embeddable":true,"href":"https:\/\/avocatfisc.com\/blog\/wp-json\/wp\/v2\/comments?post=2492"}],"version-history":[{"count":5,"href":"https:\/\/avocatfisc.com\/blog\/wp-json\/wp\/v2\/posts\/2492\/revisions"}],"predecessor-version":[{"id":2497,"href":"https:\/\/avocatfisc.com\/blog\/wp-json\/wp\/v2\/posts\/2492\/revisions\/2497"}],"wp:attachment":[{"href":"https:\/\/avocatfisc.com\/blog\/wp-json\/wp\/v2\/media?parent=2492"}],"wp:term":[{"taxonomy":"category","embeddable":true,"href":"https:\/\/avocatfisc.com\/blog\/wp-json\/wp\/v2\/categories?post=2492"},{"taxonomy":"post_tag","embeddable":true,"href":"https:\/\/avocatfisc.com\/blog\/wp-json\/wp\/v2\/tags?post=2492"}],"curies":[{"name":"wp","href":"https:\/\/api.w.org\/{rel}","templated":true}]}}