{"id":1405,"date":"2021-08-09T20:28:40","date_gmt":"2021-08-09T20:28:40","guid":{"rendered":"https:\/\/avocatfisc.com\/blog\/?p=1405"},"modified":"2024-08-18T19:31:40","modified_gmt":"2024-08-18T19:31:40","slug":"programme-dindemnisation-des-victimes-de-vaccination-covid-19","status":"publish","type":"post","link":"https:\/\/avocatfisc.com\/blog\/programme-dindemnisation-des-victimes-de-vaccination-covid-19\/","title":{"rendered":"Programme d&rsquo;indemnisation des victimes de vaccination COVID-19"},"content":{"rendered":"<p><a href=\"https:\/\/i0.wp.com\/avocatfisc.com\/blog\/wp-content\/uploads\/2020\/03\/imagescovid.jpg?ssl=1\"><img data-recalc-dims=\"1\" loading=\"lazy\" decoding=\"async\" data-attachment-id=\"1301\" data-permalink=\"https:\/\/avocatfisc.com\/blog\/imagescovid\/\" data-orig-file=\"https:\/\/i0.wp.com\/avocatfisc.com\/blog\/wp-content\/uploads\/2020\/03\/imagescovid.jpg?fit=230%2C219&amp;ssl=1\" data-orig-size=\"230,219\" data-comments-opened=\"0\" data-image-meta=\"{&quot;aperture&quot;:&quot;0&quot;,&quot;credit&quot;:&quot;&quot;,&quot;camera&quot;:&quot;&quot;,&quot;caption&quot;:&quot;&quot;,&quot;created_timestamp&quot;:&quot;0&quot;,&quot;copyright&quot;:&quot;&quot;,&quot;focal_length&quot;:&quot;0&quot;,&quot;iso&quot;:&quot;0&quot;,&quot;shutter_speed&quot;:&quot;0&quot;,&quot;title&quot;:&quot;&quot;,&quot;orientation&quot;:&quot;0&quot;}\" data-image-title=\"COOVID-19\" data-image-description=\"&lt;p&gt;responsabilit\u00e9, droit et obligation en cas de force majeure&lt;\/p&gt;\n\" data-image-caption=\"\" data-large-file=\"https:\/\/i0.wp.com\/avocatfisc.com\/blog\/wp-content\/uploads\/2020\/03\/imagescovid.jpg?fit=230%2C219&amp;ssl=1\" class=\"alignleft size-full wp-image-1301\" src=\"https:\/\/i0.wp.com\/avocatfisc.com\/blog\/wp-content\/uploads\/2020\/03\/imagescovid.jpg?resize=230%2C219&#038;ssl=1\" alt=\"\" width=\"230\" height=\"219\" \/><\/a>Le ministre de la Sant\u00e9 et des Services sociaux du Qu\u00e9bec doit indemniser toute victime d\u2019un dommage corporel qui d\u00e9coule soit d\u2019une vaccination volontaire par inoculation d\u2019un vaccin ou d\u2019immunoglobulines contre l\u2019une des maladies ou des infections d\u00e9termin\u00e9es dans la r\u00e9glementation, soit d\u2019une \u00e9ventuelle immunisation obligatoire ou impos\u00e9e. La vaccination doit avoir eu lieu au Qu\u00e9bec. <strong class=\"x-el x-el-span c2-2k c2-2l c2-3 c2-4f c2-11 c2-3g c2-4g\">Ceci inclut la COVID-19<\/strong>. Ce programme est pr\u00e9vu par la <u class=\"x-el x-el-span c2-2k c2-2l c2-3 c2-4f c2-11 c2-2p c2-4g c2-4j\"><em class=\"x-el x-el-span c2-2k c2-2l c2-3 c2-4f c2-11 c2-2p c2-4g c2-4h\">Loi sur la sant\u00e9 Publique<\/em><\/u> ainsi que du <u class=\"x-el x-el-span c2-2k c2-2l c2-3 c2-4f c2-11 c2-2p c2-4g c2-4j\"><em class=\"x-el x-el-span c2-2k c2-2l c2-3 c2-4f c2-11 c2-2p c2-4g c2-4h\">R\u00e8glement d\u2019application de la Loi sur la sant\u00e9 publique<\/em><\/u><!--more--><\/p>\n<p>Par victime, le gouvernement indique qu\u2019il entend une personne qui a subi des pr\u00e9judices reli\u00e9s \u00e0 une vaccination contre l\u2019une ou l\u2019autre des maladies ou des infections \u00e9num\u00e9r\u00e9es dans la r\u00e9glementation.<\/p>\n<p>La victime peut aussi \u00eatre soit la personne qui contracte la maladie d\u2019une personne vaccin\u00e9e, soit le f\u0153tus de l\u2019une ou l\u2019autre de ces personnes, soit, s\u2019il y a d\u00e9c\u00e8s, la personne qui a droit \u00e0 une indemnit\u00e9 de d\u00e9c\u00e8s \u00e0 compter de la date de ce d\u00e9c\u00e8s.<\/p>\n<p>Le pr\u00e9judice corporel consiste en un dommage permanent grave, physique ou mental, incluant le d\u00e9c\u00e8s.<\/p>\n<p><strong class=\"x-el x-el-span c2-2k c2-2l c2-3 c2-4f c2-11 c2-3g c2-4g\">AVEZ-VOUS DROIT \u00c0 UNE COMPENSATION OU UNE INDEMNISATION, SUITE \u00c0 UN DOMMAGE R\u00c9SULTANT DE VOTRE VACCINATION \u00c0 LA COVID-19 ?<\/strong><\/p>\n<p>Notre cabinet d\u2019avocats offre une assistance \u00e0 toute personne qui estime avoir subi un dommage corporel grave et qui d\u00e9sire poursuivre le gouvernement pour avoir droit \u00e0 l\u2019indemnisation pr\u00e9vue \u00e0 la loi.<\/p>\n<p>N\u2019h\u00e9sitez pas \u00e0 compl\u00e9ter le formulaire ci-joint, si vous d\u00e9sirez en savoir davantage sur le bien-fond\u00e9 de votre cause et des chances de succ\u00e8s.<\/p>\n<div id=\"wufoo-muo7zqu034x2fk\">Fill out my <a href=\"https:\/\/sirois99.wufoo.com\/forms\/muo7zqu034x2fk\">online form<\/a>.<\/div>\n<p><script type=\"text\/javascript\"> var muo7zqu034x2fk; (function(d, t) { var s = d.createElement(t), options = { 'userName':'sirois99', 'formHash':'muo7zqu034x2fk', 'autoResize':true, 'height':'733', 'async':true, 'host':'wufoo.com', 'header':'show', 'ssl':true }; s.src = ('https:' == d.location.protocol ?'https:\/\/':'http:\/\/') + 'secure.wufoo.com\/scripts\/embed\/form.js'; s.onload = s.onreadystatechange = function() { var rs = this.readyState; if (rs) if (rs != 'complete') if (rs != 'loaded') return; try { muo7zqu034x2fk = new WufooForm(); muo7zqu034x2fk.initialize(options); muo7zqu034x2fk.display(); } catch (e) { } }; var scr = d.getElementsByTagName(t)[0], par = scr.parentNode; par.insertBefore(s, scr); })(document, 'script'); <\/script>&nbsp;<\/p>\n","protected":false},"excerpt":{"rendered":"<p>Le ministre de la Sant\u00e9 et des Services sociaux du Qu\u00e9bec doit indemniser toute victime d\u2019un dommage corporel qui d\u00e9coule soit d\u2019une vaccination volontaire par inoculation d\u2019un vaccin ou d\u2019immunoglobulines contre l\u2019une des maladies ou des infections d\u00e9termin\u00e9es dans la r\u00e9glementation, soit d\u2019une \u00e9ventuelle immunisation obligatoire ou impos\u00e9e. La vaccination doit avoir eu lieu au [&hellip;]<\/p>\n","protected":false},"author":1,"featured_media":0,"comment_status":"closed","ping_status":"closed","sticky":false,"template":"","format":"standard","meta":{"jetpack_post_was_ever_published":false,"_jetpack_newsletter_access":"","_jetpack_dont_email_post_to_subs":false,"_jetpack_newsletter_tier_id":0,"_jetpack_memberships_contains_paywalled_content":false,"_jetpack_memberships_contains_paid_content":false,"footnotes":"","jetpack_publicize_message":"","jetpack_publicize_feature_enabled":true,"jetpack_social_post_already_shared":true,"jetpack_social_options":{"image_generator_settings":{"template":"highway","default_image_id":0,"font":"","enabled":false},"version":2}},"categories":[1],"tags":[1274,1275,1278,1280,1276,1279,1273,1277,1272,1281,1271],"class_list":["post-1405","post","type-post","status-publish","format-standard","hentry","category-informations","tag-acv-covid","tag-avc-covid","tag-avocat-poursuite-contre-gouvernement-covid","tag-deces-covid","tag-dommage-vaccin-covid","tag-effet-secondaire-vaccin-covid","tag-indemnisation","tag-indemnisation-covid","tag-pousuite-dommage-covid","tag-sequelles-vaccin-covid","tag-vaccin-covid"],"aioseo_notices":[],"jetpack_publicize_connections":[],"jetpack_featured_media_url":"","jetpack_sharing_enabled":true,"jetpack_shortlink":"https:\/\/wp.me\/p9fCKt-mF","jetpack_likes_enabled":true,"jetpack-related-posts":[],"_links":{"self":[{"href":"https:\/\/avocatfisc.com\/blog\/wp-json\/wp\/v2\/posts\/1405","targetHints":{"allow":["GET"]}}],"collection":[{"href":"https:\/\/avocatfisc.com\/blog\/wp-json\/wp\/v2\/posts"}],"about":[{"href":"https:\/\/avocatfisc.com\/blog\/wp-json\/wp\/v2\/types\/post"}],"author":[{"embeddable":true,"href":"https:\/\/avocatfisc.com\/blog\/wp-json\/wp\/v2\/users\/1"}],"replies":[{"embeddable":true,"href":"https:\/\/avocatfisc.com\/blog\/wp-json\/wp\/v2\/comments?post=1405"}],"version-history":[{"count":5,"href":"https:\/\/avocatfisc.com\/blog\/wp-json\/wp\/v2\/posts\/1405\/revisions"}],"predecessor-version":[{"id":1607,"href":"https:\/\/avocatfisc.com\/blog\/wp-json\/wp\/v2\/posts\/1405\/revisions\/1607"}],"wp:attachment":[{"href":"https:\/\/avocatfisc.com\/blog\/wp-json\/wp\/v2\/media?parent=1405"}],"wp:term":[{"taxonomy":"category","embeddable":true,"href":"https:\/\/avocatfisc.com\/blog\/wp-json\/wp\/v2\/categories?post=1405"},{"taxonomy":"post_tag","embeddable":true,"href":"https:\/\/avocatfisc.com\/blog\/wp-json\/wp\/v2\/tags?post=1405"}],"curies":[{"name":"wp","href":"https:\/\/api.w.org\/{rel}","templated":true}]}}